{"id":112,"date":"2011-01-01T12:31:02","date_gmt":"2011-01-01T10:31:02","guid":{"rendered":"http:\/\/www.ao-leer.de\/blog\/?p=112"},"modified":"2011-01-01T12:31:02","modified_gmt":"2011-01-01T10:31:02","slug":"akkordeon-orchester-leer-wunscht-ein-frohes-neues-jahr-2011","status":"publish","type":"post","link":"http:\/\/www.ao-leer.de\/blog\/2011\/01\/akkordeon-orchester-leer-wunscht-ein-frohes-neues-jahr-2011\/","title":{"rendered":"Akkordeon-Orchester Leer w\u00fcnscht &#8222;Ein Frohes Neues Jahr 2011&#8220;!"},"content":{"rendered":"<figure id=\"attachment_113\" aria-describedby=\"caption-attachment-113\" style=\"width: 300px\" class=\"wp-caption alignright\"><a href=\"http:\/\/www.ao-leer.de\/blog\/wp-content\/uploads\/2010\/12\/silv.jpg\"><img loading=\"lazy\" decoding=\"async\" class=\"size-medium wp-image-113\" title=\"Silvester 2010\" src=\"http:\/\/www.ao-leer.de\/blog\/wp-content\/uploads\/2010\/12\/silv-300x225.jpg\" alt=\"Einen guten Rutsch ins Jahr 2010 w\u00fcnscht das Akkordeon-Orchester der Stadt Leer e.V.\" width=\"300\" height=\"225\" srcset=\"http:\/\/www.ao-leer.de\/blog\/wp-content\/uploads\/2010\/12\/silv-300x225.jpg 300w, http:\/\/www.ao-leer.de\/blog\/wp-content\/uploads\/2010\/12\/silv.jpg 400w\" sizes=\"auto, (max-width: 300px) 100vw, 300px\" \/><\/a><br \/>\n<figcaption id=\"caption-attachment-113\" class=\"wp-caption-text\">Guten Rutsch!<\/figcaption><\/figure>\n<p>Das Akkordeon-Orchester der Stadt Leer e.V. w\u00fcnscht all seinen Anh\u00e4ngern und Mitgliedern viel Erfolg, Gl\u00fcck und Gesundheit im neuen Jahr 2011. Auch im n\u00e4chsten Jahr wollen wir wieder mit Auftritten und Konzerten begeistern.<\/p>\n<p>Seien Sie gespannt, was wir im n\u00e4chsten Jahr wieder f\u00fcr Sie bereit halten!<\/p>\n<p>Sie m\u00f6chten mitmachen? Kein Problem, unter AkkOrchLeer@web.de beantworten wir gerne Anfragen und geben Ausk\u00fcnfte. Telefonisch sind wir ebenfalls erreichbar und zwar unter der Rufnummer<strong> 0491 \/ 99 73 98<\/strong>.<\/p>\n","protected":false},"excerpt":{"rendered":"<p>Das Akkordeon-Orchester der Stadt Leer e.V. w\u00fcnscht all seinen Anh\u00e4ngern und Mitgliedern viel Erfolg, Gl\u00fcck und Gesundheit im neuen Jahr [&hellip;]<\/p>\n","protected":false},"author":484,"featured_media":0,"comment_status":"open","ping_status":"open","sticky":false,"template":"","format":"standard","meta":{"site-sidebar-layout":"default","site-content-layout":"","ast-site-content-layout":"","site-content-style":"default","site-sidebar-style":"default","ast-global-header-display":"","ast-banner-title-visibility":"","ast-main-header-display":"","ast-hfb-above-header-display":"","ast-hfb-below-header-display":"","ast-hfb-mobile-header-display":"","site-post-title":"","ast-breadcrumbs-content":"","ast-featured-img":"","footer-sml-layout":"","theme-transparent-header-meta":"","adv-header-id-meta":"","stick-header-meta":"","header-above-stick-meta":"","header-main-stick-meta":"","header-below-stick-meta":"","astra-migrate-meta-layouts":"default","ast-page-background-enabled":"default","ast-page-background-meta":{"desktop":{"background-color":"var(--ast-global-color-5)","background-image":"","background-repeat":"repeat","background-position":"center center","background-size":"auto","background-attachment":"scroll","background-type":"","background-media":"","overlay-type":"","overlay-color":"","overlay-opacity":"","overlay-gradient":""},"tablet":{"background-color":"","background-image":"","background-repeat":"repeat","background-position":"center center","background-size":"auto","background-attachment":"scroll","background-type":"","background-media":"","overlay-type":"","overlay-color":"","overlay-opacity":"","overlay-gradient":""},"mobile":{"background-color":"","background-image":"","background-repeat":"repeat","background-position":"center center","background-size":"auto","background-attachment":"scroll","background-type":"","background-media":"","overlay-type":"","overlay-color":"","overlay-opacity":"","overlay-gradient":""}},"ast-content-background-meta":{"desktop":{"background-color":"var(--ast-global-color-4)","background-image":"","background-repeat":"repeat","background-position":"center center","background-size":"auto","background-attachment":"scroll","background-type":"","background-media":"","overlay-type":"","overlay-color":"","overlay-opacity":"","overlay-gradient":""},"tablet":{"background-color":"var(--ast-global-color-4)","background-image":"","background-repeat":"repeat","background-position":"center center","background-size":"auto","background-attachment":"scroll","background-type":"","background-media":"","overlay-type":"","overlay-color":"","overlay-opacity":"","overlay-gradient":""},"mobile":{"background-color":"var(--ast-global-color-4)","background-image":"","background-repeat":"repeat","background-position":"center center","background-size":"auto","background-attachment":"scroll","background-type":"","background-media":"","overlay-type":"","overlay-color":"","overlay-opacity":"","overlay-gradient":""}},"footnotes":""},"categories":[1],"tags":[],"class_list":["post-112","post","type-post","status-publish","format-standard","hentry","category-allgemein"],"_links":{"self":[{"href":"http:\/\/www.ao-leer.de\/blog\/wp-json\/wp\/v2\/posts\/112","targetHints":{"allow":["GET"]}}],"collection":[{"href":"http:\/\/www.ao-leer.de\/blog\/wp-json\/wp\/v2\/posts"}],"about":[{"href":"http:\/\/www.ao-leer.de\/blog\/wp-json\/wp\/v2\/types\/post"}],"author":[{"embeddable":true,"href":"http:\/\/www.ao-leer.de\/blog\/wp-json\/wp\/v2\/users\/484"}],"replies":[{"embeddable":true,"href":"http:\/\/www.ao-leer.de\/blog\/wp-json\/wp\/v2\/comments?post=112"}],"version-history":[{"count":19,"href":"http:\/\/www.ao-leer.de\/blog\/wp-json\/wp\/v2\/posts\/112\/revisions"}],"predecessor-version":[{"id":132,"href":"http:\/\/www.ao-leer.de\/blog\/wp-json\/wp\/v2\/posts\/112\/revisions\/132"}],"wp:attachment":[{"href":"http:\/\/www.ao-leer.de\/blog\/wp-json\/wp\/v2\/media?parent=112"}],"wp:term":[{"taxonomy":"category","embeddable":true,"href":"http:\/\/www.ao-leer.de\/blog\/wp-json\/wp\/v2\/categories?post=112"},{"taxonomy":"post_tag","embeddable":true,"href":"http:\/\/www.ao-leer.de\/blog\/wp-json\/wp\/v2\/tags?post=112"}],"curies":[{"name":"wp","href":"https:\/\/api.w.org\/{rel}","templated":true}]}}