{"id":133,"date":"2011-01-31T21:54:12","date_gmt":"2011-01-31T19:54:12","guid":{"rendered":"http:\/\/www.ao-leer.de\/blog\/?p=133"},"modified":"2011-02-01T12:20:15","modified_gmt":"2011-02-01T10:20:15","slug":"soziale-netzwerke-schritt-2-akkordeon-orchester-der-stadt-leer-e-v-bei-facebook","status":"publish","type":"post","link":"http:\/\/www.ao-leer.de\/blog\/2011\/01\/soziale-netzwerke-schritt-2-akkordeon-orchester-der-stadt-leer-e-v-bei-facebook\/","title":{"rendered":"Soziale Netzwerke Schritt 2: Akkordeon-Orchester der Stadt Leer e.V. bei Facebook"},"content":{"rendered":"<figure id=\"attachment_135\" aria-describedby=\"caption-attachment-135\" style=\"width: 200px\" class=\"wp-caption alignright\"><a href=\"http:\/\/www.ao-leer.de\/blog\/wp-content\/uploads\/2011\/01\/fb_aol.jpg\"><img loading=\"lazy\" decoding=\"async\" class=\"size-full wp-image-135\" title=\"Akkordeon-Orchester Leer bei Facebook\" src=\"http:\/\/www.ao-leer.de\/blog\/wp-content\/uploads\/2011\/01\/fb_aol.jpg\" alt=\"Akkordeon-Orchester Leer bei Facebook\" width=\"200\" height=\"200\" srcset=\"http:\/\/www.ao-leer.de\/blog\/wp-content\/uploads\/2011\/01\/fb_aol.jpg 200w, http:\/\/www.ao-leer.de\/blog\/wp-content\/uploads\/2011\/01\/fb_aol-150x150.jpg 150w\" sizes=\"auto, (max-width: 200px) 100vw, 200px\" \/><\/a><figcaption id=\"caption-attachment-135\" class=\"wp-caption-text\">Akkordeon-Orchester Leer bei Facebook<\/figcaption><\/figure>\n<p>Seit dem 31.01.2011 l\u00e4sst sich das Akkordeon-Orchester der Stadt Leer e.V. auch auf Facebook finden. Das Profil wollen wir f\u00fcr aktuelle Statusmeldungen nutzen um auch auf Proben und Auftritte hinzuweisen. Au\u00dferdem lassen sich dort Fotos leicht hochladen. Alle Mitglieder und Fans des Orchesters, die auch auf Facebook unterwegs sind, m\u00f6chten wir hiermit bitten dazu beizutragen das Profil zu unterst\u00fctzen. Dies kann durch Fotos, Links, aber auch durch einfache Klicks auf das bekannte &#8222;Gef\u00e4llt mir&#8220; geschehen.<\/p>\n<p>Wir versuchen die Profile in den sozialen Netzwerken immer auf einem aktuellen Stand zu halten, damit auch alle User informiert sind.<\/p>\n<p>Bitte liebe Facebook-User, unterst\u00fctzen mit weiter sagen und mitmachen. \ud83d\ude42<\/p>\n","protected":false},"excerpt":{"rendered":"<p>Seit dem 31.01.2011 l\u00e4sst sich das Akkordeon-Orchester der Stadt Leer e.V. auch auf Facebook finden. Das Profil wollen wir f\u00fcr [&hellip;]<\/p>\n","protected":false},"author":484,"featured_media":135,"comment_status":"open","ping_status":"open","sticky":false,"template":"","format":"standard","meta":{"site-sidebar-layout":"default","site-content-layout":"","ast-site-content-layout":"","site-content-style":"default","site-sidebar-style":"default","ast-global-header-display":"","ast-banner-title-visibility":"","ast-main-header-display":"","ast-hfb-above-header-display":"","ast-hfb-below-header-display":"","ast-hfb-mobile-header-display":"","site-post-title":"","ast-breadcrumbs-content":"","ast-featured-img":"","footer-sml-layout":"","theme-transparent-header-meta":"","adv-header-id-meta":"","stick-header-meta":"","header-above-stick-meta":"","header-main-stick-meta":"","header-below-stick-meta":"","astra-migrate-meta-layouts":"default","ast-page-background-enabled":"default","ast-page-background-meta":{"desktop":{"background-color":"var(--ast-global-color-5)","background-image":"","background-repeat":"repeat","background-position":"center center","background-size":"auto","background-attachment":"scroll","background-type":"","background-media":"","overlay-type":"","overlay-color":"","overlay-opacity":"","overlay-gradient":""},"tablet":{"background-color":"","background-image":"","background-repeat":"repeat","background-position":"center center","background-size":"auto","background-attachment":"scroll","background-type":"","background-media":"","overlay-type":"","overlay-color":"","overlay-opacity":"","overlay-gradient":""},"mobile":{"background-color":"","background-image":"","background-repeat":"repeat","background-position":"center center","background-size":"auto","background-attachment":"scroll","background-type":"","background-media":"","overlay-type":"","overlay-color":"","overlay-opacity":"","overlay-gradient":""}},"ast-content-background-meta":{"desktop":{"background-color":"var(--ast-global-color-4)","background-image":"","background-repeat":"repeat","background-position":"center center","background-size":"auto","background-attachment":"scroll","background-type":"","background-media":"","overlay-type":"","overlay-color":"","overlay-opacity":"","overlay-gradient":""},"tablet":{"background-color":"var(--ast-global-color-4)","background-image":"","background-repeat":"repeat","background-position":"center center","background-size":"auto","background-attachment":"scroll","background-type":"","background-media":"","overlay-type":"","overlay-color":"","overlay-opacity":"","overlay-gradient":""},"mobile":{"background-color":"var(--ast-global-color-4)","background-image":"","background-repeat":"repeat","background-position":"center center","background-size":"auto","background-attachment":"scroll","background-type":"","background-media":"","overlay-type":"","overlay-color":"","overlay-opacity":"","overlay-gradient":""}},"footnotes":""},"categories":[4,6],"tags":[16,17,18],"class_list":["post-133","post","type-post","status-publish","format-standard","has-post-thumbnail","hentry","category-mitgliederinfo","category-seitennews","tag-facebook","tag-soziales-netzwerk","tag-zeitlich-nahe-informationen"],"_links":{"self":[{"href":"http:\/\/www.ao-leer.de\/blog\/wp-json\/wp\/v2\/posts\/133","targetHints":{"allow":["GET"]}}],"collection":[{"href":"http:\/\/www.ao-leer.de\/blog\/wp-json\/wp\/v2\/posts"}],"about":[{"href":"http:\/\/www.ao-leer.de\/blog\/wp-json\/wp\/v2\/types\/post"}],"author":[{"embeddable":true,"href":"http:\/\/www.ao-leer.de\/blog\/wp-json\/wp\/v2\/users\/484"}],"replies":[{"embeddable":true,"href":"http:\/\/www.ao-leer.de\/blog\/wp-json\/wp\/v2\/comments?post=133"}],"version-history":[{"count":10,"href":"http:\/\/www.ao-leer.de\/blog\/wp-json\/wp\/v2\/posts\/133\/revisions"}],"predecessor-version":[{"id":160,"href":"http:\/\/www.ao-leer.de\/blog\/wp-json\/wp\/v2\/posts\/133\/revisions\/160"}],"wp:featuredmedia":[{"embeddable":true,"href":"http:\/\/www.ao-leer.de\/blog\/wp-json\/wp\/v2\/media\/135"}],"wp:attachment":[{"href":"http:\/\/www.ao-leer.de\/blog\/wp-json\/wp\/v2\/media?parent=133"}],"wp:term":[{"taxonomy":"category","embeddable":true,"href":"http:\/\/www.ao-leer.de\/blog\/wp-json\/wp\/v2\/categories?post=133"},{"taxonomy":"post_tag","embeddable":true,"href":"http:\/\/www.ao-leer.de\/blog\/wp-json\/wp\/v2\/tags?post=133"}],"curies":[{"name":"wp","href":"https:\/\/api.w.org\/{rel}","templated":true}]}}