{"id":167,"date":"2011-04-19T18:45:07","date_gmt":"2011-04-19T17:45:07","guid":{"rendered":"http:\/\/www.ao-leer.de\/blog\/?p=167"},"modified":"2011-04-21T18:35:12","modified_gmt":"2011-04-21T17:35:12","slug":"auftritt-akkordeonale-2011-nachtrag","status":"publish","type":"post","link":"http:\/\/www.ao-leer.de\/blog\/2011\/04\/auftritt-akkordeonale-2011-nachtrag\/","title":{"rendered":"Auftritt: Akkordeonale 2011 (Nachtrag)"},"content":{"rendered":"<figure id=\"attachment_169\" aria-describedby=\"caption-attachment-169\" style=\"width: 300px\" class=\"wp-caption alignright\"><a href=\"http:\/\/www.ao-leer.de\/blog\/wp-content\/uploads\/2011\/04\/Akkordeonale2011Collage.jpg\"><img loading=\"lazy\" decoding=\"async\" class=\"size-medium wp-image-169\" title=\"Akkordeonale 2011 Collage\" src=\"http:\/\/www.ao-leer.de\/blog\/wp-content\/uploads\/2011\/04\/Akkordeonale2011Collage-300x225.jpg\" alt=\"\" width=\"300\" height=\"225\" srcset=\"http:\/\/www.ao-leer.de\/blog\/wp-content\/uploads\/2011\/04\/Akkordeonale2011Collage-300x225.jpg 300w, http:\/\/www.ao-leer.de\/blog\/wp-content\/uploads\/2011\/04\/Akkordeonale2011Collage.jpg 400w\" sizes=\"auto, (max-width: 300px) 100vw, 300px\" \/><\/a><figcaption id=\"caption-attachment-169\" class=\"wp-caption-text\">Akkordeonale 2011 Collage<\/figcaption><\/figure>\n<p>Die Akkordeonale 2011 war wie die Akkordeonale 2010 ein gro\u00dfer Erfolg. Viele interessierte Zuh\u00f6rer str\u00f6mten am 05.04.2011 in die neu renovierte und nun technisch hoch entwickelte Emsaula an der Blinke in Leer. Das Akkordenfestival, wie die Akkordeonale auch genannt wird, wurde durch das Akkordeon-Orchester der Stadt Leer e.V. mit der Ouvert\u00fcre der Dreigroschenoper er\u00f6ffnet. Weitere flotte St\u00fccke wie der slowenische Tanz &#8222;Beskidiana&#8220; oder die &#8222;goldene Khasene&#8220; unterhielten die Zuh\u00f6rer ebenfalls mit flotten Rhythmen und demonstrierten die musikalische Vielf\u00e4ltigkeit der AOL-Solistengruppe.<\/p>\n","protected":false},"excerpt":{"rendered":"<p>Die Akkordeonale 2011 war wie die Akkordeonale 2010 ein gro\u00dfer Erfolg. Viele interessierte Zuh\u00f6rer str\u00f6mten am 05.04.2011 in die neu [&hellip;]<\/p>\n","protected":false},"author":484,"featured_media":169,"comment_status":"open","ping_status":"open","sticky":false,"template":"","format":"standard","meta":{"site-sidebar-layout":"default","site-content-layout":"","ast-site-content-layout":"","site-content-style":"default","site-sidebar-style":"default","ast-global-header-display":"","ast-banner-title-visibility":"","ast-main-header-display":"","ast-hfb-above-header-display":"","ast-hfb-below-header-display":"","ast-hfb-mobile-header-display":"","site-post-title":"","ast-breadcrumbs-content":"","ast-featured-img":"","footer-sml-layout":"","theme-transparent-header-meta":"","adv-header-id-meta":"","stick-header-meta":"","header-above-stick-meta":"","header-main-stick-meta":"","header-below-stick-meta":"","astra-migrate-meta-layouts":"default","ast-page-background-enabled":"default","ast-page-background-meta":{"desktop":{"background-color":"var(--ast-global-color-5)","background-image":"","background-repeat":"repeat","background-position":"center center","background-size":"auto","background-attachment":"scroll","background-type":"","background-media":"","overlay-type":"","overlay-color":"","overlay-opacity":"","overlay-gradient":""},"tablet":{"background-color":"","background-image":"","background-repeat":"repeat","background-position":"center center","background-size":"auto","background-attachment":"scroll","background-type":"","background-media":"","overlay-type":"","overlay-color":"","overlay-opacity":"","overlay-gradient":""},"mobile":{"background-color":"","background-image":"","background-repeat":"repeat","background-position":"center center","background-size":"auto","background-attachment":"scroll","background-type":"","background-media":"","overlay-type":"","overlay-color":"","overlay-opacity":"","overlay-gradient":""}},"ast-content-background-meta":{"desktop":{"background-color":"var(--ast-global-color-4)","background-image":"","background-repeat":"repeat","background-position":"center center","background-size":"auto","background-attachment":"scroll","background-type":"","background-media":"","overlay-type":"","overlay-color":"","overlay-opacity":"","overlay-gradient":""},"tablet":{"background-color":"var(--ast-global-color-4)","background-image":"","background-repeat":"repeat","background-position":"center center","background-size":"auto","background-attachment":"scroll","background-type":"","background-media":"","overlay-type":"","overlay-color":"","overlay-opacity":"","overlay-gradient":""},"mobile":{"background-color":"var(--ast-global-color-4)","background-image":"","background-repeat":"repeat","background-position":"center center","background-size":"auto","background-attachment":"scroll","background-type":"","background-media":"","overlay-type":"","overlay-color":"","overlay-opacity":"","overlay-gradient":""}},"footnotes":""},"categories":[3],"tags":[180,20,13,179,182],"class_list":["post-167","post","type-post","status-publish","format-standard","has-post-thumbnail","hentry","category-auftritt","tag-akkordeon","tag-akkordeonale","tag-auftritt-2","tag-leer","tag-solistengruppe"],"_links":{"self":[{"href":"http:\/\/www.ao-leer.de\/blog\/wp-json\/wp\/v2\/posts\/167","targetHints":{"allow":["GET"]}}],"collection":[{"href":"http:\/\/www.ao-leer.de\/blog\/wp-json\/wp\/v2\/posts"}],"about":[{"href":"http:\/\/www.ao-leer.de\/blog\/wp-json\/wp\/v2\/types\/post"}],"author":[{"embeddable":true,"href":"http:\/\/www.ao-leer.de\/blog\/wp-json\/wp\/v2\/users\/484"}],"replies":[{"embeddable":true,"href":"http:\/\/www.ao-leer.de\/blog\/wp-json\/wp\/v2\/comments?post=167"}],"version-history":[{"count":9,"href":"http:\/\/www.ao-leer.de\/blog\/wp-json\/wp\/v2\/posts\/167\/revisions"}],"predecessor-version":[{"id":186,"href":"http:\/\/www.ao-leer.de\/blog\/wp-json\/wp\/v2\/posts\/167\/revisions\/186"}],"wp:featuredmedia":[{"embeddable":true,"href":"http:\/\/www.ao-leer.de\/blog\/wp-json\/wp\/v2\/media\/169"}],"wp:attachment":[{"href":"http:\/\/www.ao-leer.de\/blog\/wp-json\/wp\/v2\/media?parent=167"}],"wp:term":[{"taxonomy":"category","embeddable":true,"href":"http:\/\/www.ao-leer.de\/blog\/wp-json\/wp\/v2\/categories?post=167"},{"taxonomy":"post_tag","embeddable":true,"href":"http:\/\/www.ao-leer.de\/blog\/wp-json\/wp\/v2\/tags?post=167"}],"curies":[{"name":"wp","href":"https:\/\/api.w.org\/{rel}","templated":true}]}}