{"id":617,"date":"2012-10-08T10:16:15","date_gmt":"2012-10-08T08:16:15","guid":{"rendered":"http:\/\/www.ao-leer.de\/blog\/?p=617"},"modified":"2013-05-14T10:18:54","modified_gmt":"2013-05-14T08:18:54","slug":"auftritt-ostfrieslandschau-2012","status":"publish","type":"post","link":"http:\/\/www.ao-leer.de\/blog\/2012\/10\/auftritt-ostfrieslandschau-2012\/","title":{"rendered":"Auftritt: Ostfrieslandschau 2012"},"content":{"rendered":"<figure id=\"attachment_618\" aria-describedby=\"caption-attachment-618\" style=\"width: 300px\" class=\"wp-caption alignright\"><a href=\"http:\/\/www.ao-leer.de\/blog\/wp-content\/uploads\/2013\/05\/921338_526411394066863_1131031633_o.jpg\"><img loading=\"lazy\" decoding=\"async\" class=\"size-medium wp-image-618\" title=\"Solistengruppe\" src=\"http:\/\/www.ao-leer.de\/blog\/wp-content\/uploads\/2013\/05\/921338_526411394066863_1131031633_o-300x225.jpg\" alt=\"\" width=\"300\" height=\"225\" srcset=\"http:\/\/www.ao-leer.de\/blog\/wp-content\/uploads\/2013\/05\/921338_526411394066863_1131031633_o-300x225.jpg 300w, http:\/\/www.ao-leer.de\/blog\/wp-content\/uploads\/2013\/05\/921338_526411394066863_1131031633_o-600x450.jpg 600w, http:\/\/www.ao-leer.de\/blog\/wp-content\/uploads\/2013\/05\/921338_526411394066863_1131031633_o-400x300.jpg 400w, http:\/\/www.ao-leer.de\/blog\/wp-content\/uploads\/2013\/05\/921338_526411394066863_1131031633_o.jpg 1024w\" sizes=\"auto, (max-width: 300px) 100vw, 300px\" \/><\/a><figcaption id=\"caption-attachment-618\" class=\"wp-caption-text\">Solistengruppe auf der Ostfrieslandschau<\/figcaption><\/figure>\n<p>Am Sonntag war wieder viel los bei der Ostfrieslandschau. Auch die Solistengruppe des Akkordeon Orchester der Stadt Leer e.V. konnte vom regen Besucherandrang in Halle 4\/5 bei der Gastst\u00e4tte profitieren und erneut einen Publikumserfolg verbuchen. Die St\u00fccke waren wieder einmal abwechslungsreich und jeder Zuh\u00f6rer hatte etwas zu klatschen.<\/p>\n<p>Dieses Mal gab es auch eine richtig sch\u00f6ne B\u00fchne, die das Orchester noch besser hervorhob. Das hat wieder Spa\u00df gemacht &#8211; den Spielern ebenso wie wie den Zuh\u00f6rern!<\/p>\n","protected":false},"excerpt":{"rendered":"<p>Am Sonntag war wieder viel los bei der Ostfrieslandschau. Auch die Solistengruppe des Akkordeon Orchester der Stadt Leer e.V. konnte [&hellip;]<\/p>\n","protected":false},"author":484,"featured_media":618,"comment_status":"open","ping_status":"open","sticky":false,"template":"","format":"standard","meta":{"site-sidebar-layout":"default","site-content-layout":"","ast-site-content-layout":"","site-content-style":"default","site-sidebar-style":"default","ast-global-header-display":"","ast-banner-title-visibility":"","ast-main-header-display":"","ast-hfb-above-header-display":"","ast-hfb-below-header-display":"","ast-hfb-mobile-header-display":"","site-post-title":"","ast-breadcrumbs-content":"","ast-featured-img":"","footer-sml-layout":"","theme-transparent-header-meta":"","adv-header-id-meta":"","stick-header-meta":"","header-above-stick-meta":"","header-main-stick-meta":"","header-below-stick-meta":"","astra-migrate-meta-layouts":"default","ast-page-background-enabled":"default","ast-page-background-meta":{"desktop":{"background-color":"var(--ast-global-color-5)","background-image":"","background-repeat":"repeat","background-position":"center center","background-size":"auto","background-attachment":"scroll","background-type":"","background-media":"","overlay-type":"","overlay-color":"","overlay-opacity":"","overlay-gradient":""},"tablet":{"background-color":"","background-image":"","background-repeat":"repeat","background-position":"center center","background-size":"auto","background-attachment":"scroll","background-type":"","background-media":"","overlay-type":"","overlay-color":"","overlay-opacity":"","overlay-gradient":""},"mobile":{"background-color":"","background-image":"","background-repeat":"repeat","background-position":"center center","background-size":"auto","background-attachment":"scroll","background-type":"","background-media":"","overlay-type":"","overlay-color":"","overlay-opacity":"","overlay-gradient":""}},"ast-content-background-meta":{"desktop":{"background-color":"var(--ast-global-color-4)","background-image":"","background-repeat":"repeat","background-position":"center center","background-size":"auto","background-attachment":"scroll","background-type":"","background-media":"","overlay-type":"","overlay-color":"","overlay-opacity":"","overlay-gradient":""},"tablet":{"background-color":"var(--ast-global-color-4)","background-image":"","background-repeat":"repeat","background-position":"center center","background-size":"auto","background-attachment":"scroll","background-type":"","background-media":"","overlay-type":"","overlay-color":"","overlay-opacity":"","overlay-gradient":""},"mobile":{"background-color":"var(--ast-global-color-4)","background-image":"","background-repeat":"repeat","background-position":"center center","background-size":"auto","background-attachment":"scroll","background-type":"","background-media":"","overlay-type":"","overlay-color":"","overlay-opacity":"","overlay-gradient":""}},"footnotes":""},"categories":[3,5],"tags":[180,191,181,182],"class_list":["post-617","post","type-post","status-publish","format-standard","has-post-thumbnail","hentry","category-auftritt","category-termine","tag-akkordeon","tag-ostfriesland","tag-ostfrieslandschau","tag-solistengruppe"],"_links":{"self":[{"href":"http:\/\/www.ao-leer.de\/blog\/wp-json\/wp\/v2\/posts\/617","targetHints":{"allow":["GET"]}}],"collection":[{"href":"http:\/\/www.ao-leer.de\/blog\/wp-json\/wp\/v2\/posts"}],"about":[{"href":"http:\/\/www.ao-leer.de\/blog\/wp-json\/wp\/v2\/types\/post"}],"author":[{"embeddable":true,"href":"http:\/\/www.ao-leer.de\/blog\/wp-json\/wp\/v2\/users\/484"}],"replies":[{"embeddable":true,"href":"http:\/\/www.ao-leer.de\/blog\/wp-json\/wp\/v2\/comments?post=617"}],"version-history":[{"count":3,"href":"http:\/\/www.ao-leer.de\/blog\/wp-json\/wp\/v2\/posts\/617\/revisions"}],"predecessor-version":[{"id":621,"href":"http:\/\/www.ao-leer.de\/blog\/wp-json\/wp\/v2\/posts\/617\/revisions\/621"}],"wp:featuredmedia":[{"embeddable":true,"href":"http:\/\/www.ao-leer.de\/blog\/wp-json\/wp\/v2\/media\/618"}],"wp:attachment":[{"href":"http:\/\/www.ao-leer.de\/blog\/wp-json\/wp\/v2\/media?parent=617"}],"wp:term":[{"taxonomy":"category","embeddable":true,"href":"http:\/\/www.ao-leer.de\/blog\/wp-json\/wp\/v2\/categories?post=617"},{"taxonomy":"post_tag","embeddable":true,"href":"http:\/\/www.ao-leer.de\/blog\/wp-json\/wp\/v2\/tags?post=617"}],"curies":[{"name":"wp","href":"https:\/\/api.w.org\/{rel}","templated":true}]}}